{"id":94,"date":"2009-05-16T15:43:10","date_gmt":"2009-05-16T13:43:10","guid":{"rendered":"http:\/\/www.blog.fenger.pl\/?p=94"},"modified":"2009-05-16T15:58:23","modified_gmt":"2009-05-16T13:58:23","slug":"magurka","status":"publish","type":"post","link":"https:\/\/www.fenger.pl\/blog\/magurka\/","title":{"rendered":"Magurka"},"content":{"rendered":"<p>Korzystaj\u0105c z okazji, \u017ce do pleneru \u015blubnego by\u0142o kilka godzin czasu, postanowili\u015bmy razem z rodzin\u0105 <a title=\"Ja\u015bnia\" href=\"http:\/\/www.jasnia.pl\" target=\"_blank\">Artura Str\u0105k<\/a> odwiedzi\u0107 schronisko na Magurce ko\u0142o Bielska-Bia\u0142ej. Standardowo wzi\u0119li\u015bmy puszki ze sob\u0105 by pope\u0142ni\u0107 kilka zdj\u0119\u0107 -takie skrzywienie zawodowe :)<\/p>\n<p>Artur oczywi\u015bcie dzielnie targa\u0142 statyw. Ma ch\u0142op kondycje -pomy\u015bla\u0142em.<\/p>\nngg_shortcode_0_placeholder\n<p>W ko\u0144cu trzeba strzeli\u0107 kilka zdj\u0119\u0107 ;)<\/p>\nngg_shortcode_1_placeholder\n<p>I schronisko na Magurce w pe\u0142nej okaza\u0142o\u015bci.<\/p>\nngg_shortcode_2_placeholder\nngg_shortcode_3_placeholder\n<p>Na g\u00f3rze silnie wia\u0142o i jak zasz\u0142o s\u0142o\u0144ce zrobi\u0142o si\u0119 ch\u0142odno, dlatego zwyczajowo udali\u015bmy si\u0119 na gor\u0105c\u0105 herbat\u0119 z cytryn\u0105. Julia, c\u00f3rka Artura, troch\u0119 nudzi\u0142a si\u0119, a zwierzaki wesz\u0142y jej na g\u0142ow\u0119 :)<\/p>\nngg_shortcode_4_placeholder\n<!-- AddThis Advanced Settings generic via filter on the_content --><!-- AddThis Share Buttons generic via filter on the_content -->","protected":false},"excerpt":{"rendered":"<p>Korzystaj\u0105c z okazji, \u017ce do pleneru \u015blubnego by\u0142o kilka godzin czasu, postanowili\u015bmy razem z rodzin\u0105 Artura Str\u0105k odwiedzi\u0107 schronisko na Magurce ko\u0142o Bielska-Bia\u0142ej. Standardowo wzi\u0119li\u015bmy puszki ze sob\u0105 by pope\u0142ni\u0107 kilka zdj\u0119\u0107 -takie skrzywienie zawodowe :) Artur oczywi\u015bcie dzielnie targa\u0142 statyw. Ma ch\u0142op kondycje -pomy\u015bla\u0142em. W ko\u0144cu trzeba strzeli\u0107 kilka zdj\u0119\u0107 ;) I schronisko na [&hellip;]<!-- AddThis Advanced Settings generic via filter on get_the_excerpt --><!-- AddThis Share Buttons generic via filter on get_the_excerpt --><\/p>\n","protected":false},"author":2,"featured_media":0,"comment_status":"open","ping_status":"open","sticky":false,"template":"","format":"standard","meta":{"ngg_post_thumbnail":0,"footnotes":""},"categories":[1],"tags":[115,37,38,36],"class_list":["post-94","post","type-post","status-publish","format-standard","hentry","category-brak-kategorii","tag-bielsko","tag-gory","tag-magurka","tag-pejzaz"],"_links":{"self":[{"href":"https:\/\/www.fenger.pl\/blog\/wp-json\/wp\/v2\/posts\/94","targetHints":{"allow":["GET"]}}],"collection":[{"href":"https:\/\/www.fenger.pl\/blog\/wp-json\/wp\/v2\/posts"}],"about":[{"href":"https:\/\/www.fenger.pl\/blog\/wp-json\/wp\/v2\/types\/post"}],"author":[{"embeddable":true,"href":"https:\/\/www.fenger.pl\/blog\/wp-json\/wp\/v2\/users\/2"}],"replies":[{"embeddable":true,"href":"https:\/\/www.fenger.pl\/blog\/wp-json\/wp\/v2\/comments?post=94"}],"version-history":[{"count":18,"href":"https:\/\/www.fenger.pl\/blog\/wp-json\/wp\/v2\/posts\/94\/revisions"}],"predecessor-version":[{"id":105,"href":"https:\/\/www.fenger.pl\/blog\/wp-json\/wp\/v2\/posts\/94\/revisions\/105"}],"wp:attachment":[{"href":"https:\/\/www.fenger.pl\/blog\/wp-json\/wp\/v2\/media?parent=94"}],"wp:term":[{"taxonomy":"category","embeddable":true,"href":"https:\/\/www.fenger.pl\/blog\/wp-json\/wp\/v2\/categories?post=94"},{"taxonomy":"post_tag","embeddable":true,"href":"https:\/\/www.fenger.pl\/blog\/wp-json\/wp\/v2\/tags?post=94"}],"curies":[{"name":"wp","href":"https:\/\/api.w.org\/{rel}","templated":true}]}}