{"id":697,"date":"2011-09-15T10:03:08","date_gmt":"2011-09-15T08:03:08","guid":{"rendered":"http:\/\/blog.fenger.pl\/?p=697"},"modified":"2012-09-07T21:39:25","modified_gmt":"2012-09-07T19:39:25","slug":"slub-na-jurze","status":"publish","type":"post","link":"https:\/\/www.fenger.pl\/blog\/slub-na-jurze\/","title":{"rendered":"\u015alub na Jurze"},"content":{"rendered":"<p>Tym razem mia\u0142em przyjemno\u015b\u0107 fotografowania w Olsztynie ko\u0142o Cz\u0119stochowy. To bardzo znane i ch\u0119tnie odwiedzane przez turyst\u00f3w miejsce na Jurze Krakowsko-Cz\u0119stochowskiej, ze wzgl\u0119du na malownicze ruiny zamku, niegdy\u015b twierdzy nie do zdobycia. Historia zamku si\u0119ga a\u017c po XIV wiek, kiedy to Kazimierz Wielki zamek przebudowa\u0142, tworz\u0105c z niego twierdz\u0119 obronn\u0105. W 1656 zamek zosta\u0142 zdobyty przez Szwed\u00f3w i od tego czasu popad\u0142 w ruin\u0119. Kr\u0105\u017cy legenda, \u017ce na zamku pojawia si\u0119 bia\u0142a zjawa Macieja Borkowica, przeciwnika polityki Kazimierza Wielkiego, skazanego na \u015bmier\u0107 g\u0142odow\u0105 i wi\u0119zionego w lochach pod jedn\u0105 z wie\u017c. Tego dnia nie by\u0142a to bia\u0142a zjawa, a Panna M\u0142oda w bia\u0142ej sukni :) Zapraszam na zdj\u0119cia.<\/p>\n<p><img decoding=\"async\" class=\"alignnone colorbox-697\" src=\"http:\/\/blog.fenger.pl\/wp-content\/gallery\/olsztyn\/140811_001.jpg\" alt=\"fotografia \u015blubna Cz\u0119stochowa\" \/><\/p>\n<p><img decoding=\"async\" class=\"alignnone colorbox-697\" src=\"http:\/\/blog.fenger.pl\/wp-content\/gallery\/olsztyn\/140811_017.jpg\" alt=\"fotografia \u015blubna Cz\u0119stochowa\" \/><\/p>\n<p><img decoding=\"async\" class=\"alignnone colorbox-697\" src=\"http:\/\/blog.fenger.pl\/wp-content\/gallery\/olsztyn\/140811_016.jpg\" alt=\"fotografia \u015blubna Cz\u0119stochowa\" \/><\/p>\n<p><img decoding=\"async\" class=\"alignnone colorbox-697\" src=\"http:\/\/blog.fenger.pl\/wp-content\/gallery\/olsztyn\/140811_014.jpg\" alt=\"fotografia \u015blubna Cz\u0119stochowa\" \/><\/p>\n<p><img decoding=\"async\" class=\"alignnone colorbox-697\" src=\"http:\/\/blog.fenger.pl\/wp-content\/gallery\/olsztyn\/140811_010.jpg\" alt=\"fotografia \u015blubna Cz\u0119stochowa\" \/><\/p>\n<p><img decoding=\"async\" class=\"alignnone colorbox-697\" src=\"http:\/\/blog.fenger.pl\/wp-content\/gallery\/olsztyn\/140811_029.jpg\" alt=\"fotografia \u015blubna Cz\u0119stochowa\" \/><\/p>\n<p><img decoding=\"async\" class=\"alignnone colorbox-697\" src=\"http:\/\/blog.fenger.pl\/wp-content\/gallery\/olsztyn\/140811_050.jpg\" alt=\"fotografia \u015blubna Cz\u0119stochowa\" \/><\/p>\n<p><img decoding=\"async\" class=\"alignnone colorbox-697\" src=\"http:\/\/blog.fenger.pl\/wp-content\/gallery\/olsztyn\/140811_045.jpg\" alt=\"fotografia \u015blubna Cz\u0119stochowa\" \/><\/p>\n<p><img decoding=\"async\" class=\"alignnone colorbox-697\" src=\"http:\/\/blog.fenger.pl\/wp-content\/gallery\/olsztyn\/140811_066.jpg\" alt=\"fotografia \u015blubna Cz\u0119stochowa\" \/><\/p>\n<p><img decoding=\"async\" class=\"alignnone colorbox-697\" src=\"http:\/\/blog.fenger.pl\/wp-content\/gallery\/olsztyn\/140811_060.jpg\" alt=\"fotografia \u015blubna Cz\u0119stochowa\" \/><\/p>\n<p><img decoding=\"async\" class=\"alignnone colorbox-697\" src=\"http:\/\/blog.fenger.pl\/wp-content\/gallery\/olsztyn\/140811_074.jpg\" alt=\"fotografia \u015blubna Cz\u0119stochowa\" \/><\/p>\n<p><img decoding=\"async\" class=\"alignnone colorbox-697\" src=\"http:\/\/blog.fenger.pl\/wp-content\/gallery\/olsztyn\/140811_088.jpg\" alt=\"fotografia \u015blubna Cz\u0119stochowa\" \/><\/p>\n<p><img decoding=\"async\" class=\"alignnone colorbox-697\" src=\"http:\/\/blog.fenger.pl\/wp-content\/gallery\/olsztyn\/140811_095.jpg\" alt=\"fotografia \u015blubna Cz\u0119stochowa\" \/><\/p>\n<p><img decoding=\"async\" class=\"alignnone colorbox-697\" src=\"http:\/\/blog.fenger.pl\/wp-content\/gallery\/olsztyn\/140811_098.jpg\" alt=\"fotografia \u015blubna Cz\u0119stochowa\" \/><\/p>\n<p><img decoding=\"async\" class=\"alignnone colorbox-697\" src=\"http:\/\/blog.fenger.pl\/wp-content\/gallery\/olsztyn\/140811_099.jpg\" alt=\"fotografia \u015blubna Cz\u0119stochowa\" \/><\/p>\n<p><img decoding=\"async\" class=\"alignnone colorbox-697\" src=\"http:\/\/blog.fenger.pl\/wp-content\/gallery\/olsztyn\/140811_119.jpg\" alt=\"fotografia \u015blubna Cz\u0119stochowa\" \/><\/p>\n<p><img decoding=\"async\" class=\"alignnone colorbox-697\" src=\"http:\/\/blog.fenger.pl\/wp-content\/gallery\/olsztyn\/140811_120.jpg\" alt=\"fotografia \u015blubna Cz\u0119stochowa\" \/><\/p>\n<p><img decoding=\"async\" class=\"alignnone colorbox-697\" src=\"http:\/\/blog.fenger.pl\/wp-content\/gallery\/olsztyn\/140811_129.jpg\" alt=\"fotografia \u015blubna Cz\u0119stochowa\" \/><\/p>\n<p><img decoding=\"async\" class=\"alignnone colorbox-697\" src=\"http:\/\/blog.fenger.pl\/wp-content\/gallery\/olsztyn\/140811_137.jpg\" alt=\"fotografia \u015blubna Cz\u0119stochowa\" \/><\/p>\n<p><img decoding=\"async\" class=\"alignnone colorbox-697\" src=\"http:\/\/blog.fenger.pl\/wp-content\/gallery\/olsztyn\/140811_138.jpg\" alt=\"fotografia \u015blubna Cz\u0119stochowa\" \/><\/p>\n<p><img decoding=\"async\" class=\"alignnone colorbox-697\" src=\"http:\/\/blog.fenger.pl\/wp-content\/gallery\/olsztyn\/140811_147.jpg\" alt=\"fotografia \u015blubna Cz\u0119stochowa\" \/><\/p>\n<p><img decoding=\"async\" class=\"alignnone colorbox-697\" src=\"http:\/\/blog.fenger.pl\/wp-content\/gallery\/olsztyn\/140811_149.jpg\" alt=\"fotografia \u015blubna Cz\u0119stochowa\" \/><\/p>\n<p><img decoding=\"async\" class=\"alignnone colorbox-697\" src=\"http:\/\/blog.fenger.pl\/wp-content\/gallery\/olsztyn\/140811_156.jpg\" alt=\"fotografia \u015blubna Cz\u0119stochowa\" \/><\/p>\n<p><img decoding=\"async\" class=\"alignnone colorbox-697\" src=\"http:\/\/blog.fenger.pl\/wp-content\/gallery\/olsztyn\/140811_157.jpg\" alt=\"fotografia \u015blubna Cz\u0119stochowa\" \/><\/p>\n<p><img decoding=\"async\" class=\"alignnone colorbox-697\" src=\"http:\/\/blog.fenger.pl\/wp-content\/gallery\/olsztyn\/140811_160.jpg\" alt=\"fotografia \u015blubna Cz\u0119stochowa\" \/><\/p>\n<p><img decoding=\"async\" class=\"alignnone colorbox-697\" src=\"http:\/\/blog.fenger.pl\/wp-content\/gallery\/olsztyn\/140811_162.jpg\" alt=\"fotografia \u015blubna Cz\u0119stochowa\" \/><\/p>\n<p><img decoding=\"async\" class=\"alignnone colorbox-697\" src=\"http:\/\/blog.fenger.pl\/wp-content\/gallery\/olsztyn\/140811_167.jpg\" alt=\"fotografia \u015blubna Cz\u0119stochowa\" \/><\/p>\n<p><img decoding=\"async\" class=\"alignnone colorbox-697\" src=\"http:\/\/blog.fenger.pl\/wp-content\/gallery\/olsztyn\/140811_166.jpg\" alt=\"fotografia \u015blubna Cz\u0119stochowa\" \/><\/p>\n<p><img decoding=\"async\" class=\"alignnone colorbox-697\" src=\"http:\/\/blog.fenger.pl\/wp-content\/gallery\/olsztyn\/140811_176.jpg\" alt=\"fotografia \u015blubna Cz\u0119stochowa\" \/><\/p>\n<p><img decoding=\"async\" class=\"alignnone colorbox-697\" src=\"http:\/\/blog.fenger.pl\/wp-content\/gallery\/olsztyn\/140811_182.jpg\" alt=\"fotografia \u015blubna Cz\u0119stochowa\" \/><\/p>\n<p><img decoding=\"async\" class=\"alignnone colorbox-697\" src=\"http:\/\/blog.fenger.pl\/wp-content\/gallery\/olsztyn\/140811_187.jpg\" alt=\"fotografia \u015blubna Cz\u0119stochowa\" \/><\/p>\n<p><img decoding=\"async\" class=\"alignnone colorbox-697\" src=\"http:\/\/blog.fenger.pl\/wp-content\/gallery\/olsztyn\/140811_188.jpg\" alt=\"fotografia \u015blubna Cz\u0119stochowa\" \/><\/p>\n<!-- AddThis Advanced Settings generic via filter on the_content --><!-- AddThis Share Buttons generic via filter on the_content -->","protected":false},"excerpt":{"rendered":"<p>Tym razem mia\u0142em przyjemno\u015b\u0107 fotografowania w Olsztynie ko\u0142o Cz\u0119stochowy. To bardzo znane i ch\u0119tnie odwiedzane przez turyst\u00f3w miejsce na Jurze Krakowsko-Cz\u0119stochowskiej, ze wzgl\u0119du na malownicze ruiny zamku, niegdy\u015b twierdzy nie do zdobycia. Historia zamku si\u0119ga a\u017c po XIV wiek, kiedy to Kazimierz Wielki zamek przebudowa\u0142, tworz\u0105c z niego twierdz\u0119 obronn\u0105. W 1656 zamek zosta\u0142 zdobyty [&hellip;]<!-- AddThis Advanced Settings generic via filter on get_the_excerpt --><!-- AddThis Share Buttons generic via filter on get_the_excerpt --><\/p>\n","protected":false},"author":2,"featured_media":0,"comment_status":"open","ping_status":"open","sticky":false,"template":"","format":"standard","meta":{"ngg_post_thumbnail":0,"footnotes":""},"categories":[4,26],"tags":[53,123,125,94,124,93],"class_list":["post-697","post","type-post","status-publish","format-standard","hentry","category-plener-miejski","category-fotografia-slubna","tag-fotograf-slubny","tag-fotografia-slubna","tag-plener","tag-reportaz-slubny","tag-zdjecia-slubne","tag-zdjecia-slubne-czestochowa"],"_links":{"self":[{"href":"https:\/\/www.fenger.pl\/blog\/wp-json\/wp\/v2\/posts\/697","targetHints":{"allow":["GET"]}}],"collection":[{"href":"https:\/\/www.fenger.pl\/blog\/wp-json\/wp\/v2\/posts"}],"about":[{"href":"https:\/\/www.fenger.pl\/blog\/wp-json\/wp\/v2\/types\/post"}],"author":[{"embeddable":true,"href":"https:\/\/www.fenger.pl\/blog\/wp-json\/wp\/v2\/users\/2"}],"replies":[{"embeddable":true,"href":"https:\/\/www.fenger.pl\/blog\/wp-json\/wp\/v2\/comments?post=697"}],"version-history":[{"count":14,"href":"https:\/\/www.fenger.pl\/blog\/wp-json\/wp\/v2\/posts\/697\/revisions"}],"predecessor-version":[{"id":1176,"href":"https:\/\/www.fenger.pl\/blog\/wp-json\/wp\/v2\/posts\/697\/revisions\/1176"}],"wp:attachment":[{"href":"https:\/\/www.fenger.pl\/blog\/wp-json\/wp\/v2\/media?parent=697"}],"wp:term":[{"taxonomy":"category","embeddable":true,"href":"https:\/\/www.fenger.pl\/blog\/wp-json\/wp\/v2\/categories?post=697"},{"taxonomy":"post_tag","embeddable":true,"href":"https:\/\/www.fenger.pl\/blog\/wp-json\/wp\/v2\/tags?post=697"}],"curies":[{"name":"wp","href":"https:\/\/api.w.org\/{rel}","templated":true}]}}