{"id":681,"date":"2011-08-25T10:28:03","date_gmt":"2011-08-25T08:28:03","guid":{"rendered":"http:\/\/blog.fenger.pl\/?p=681"},"modified":"2012-09-07T22:14:19","modified_gmt":"2012-09-07T20:14:19","slug":"sesja-zdjeciowa-wojtusia-na-jurze","status":"publish","type":"post","link":"https:\/\/www.fenger.pl\/blog\/sesja-zdjeciowa-wojtusia-na-jurze\/","title":{"rendered":"Sesja zdj\u0119ciowa Wojtusia na Jurze"},"content":{"rendered":"<p>Wojtu\u015b ma 4 lata i jest bardzo \u017cywotnym i radosnym dzieckiem. Uwielbia bawi\u0107 si\u0119 pi\u0142k\u0105 i biega\u0107 po trawie.<br \/>\nZdecydowali\u015bmy si\u0119 na realizacj\u0119 zdj\u0119\u0107 w Olsztynie pod Cz\u0119stochow\u0105. Oto kilka wybranych.<\/p>\n<p><img decoding=\"async\" class=\"alignnone colorbox-681\" src=\"http:\/\/blog.fenger.pl\/wp-content\/gallery\/wojtus\/wojtus_1.jpg\" alt=\"fotografia dziei\u0119ca Cz\u0119stochowa\" \/><\/p>\n<p><img decoding=\"async\" class=\"alignnone colorbox-681\" src=\"http:\/\/blog.fenger.pl\/wp-content\/gallery\/wojtus\/wojtus_2.jpg\" alt=\"zdj\u0119cia dzieci w plenerze\" \/><\/p>\n<p><img decoding=\"async\" class=\"alignnone colorbox-681\" src=\"http:\/\/blog.fenger.pl\/wp-content\/gallery\/wojtus\/wojtus_3.jpg\" alt=\"dzieci\u0119ca sesja plenerow\" \/><\/p>\n<p><img decoding=\"async\" class=\"alignnone colorbox-681\" src=\"http:\/\/blog.fenger.pl\/wp-content\/gallery\/wojtus\/wojtus_9.jpg\" alt=\"fotografia dzieci\u0119ca\" \/><\/p>\n<!-- AddThis Advanced Settings generic via filter on the_content --><!-- AddThis Share Buttons generic via filter on the_content -->","protected":false},"excerpt":{"rendered":"<p>Wojtu\u015b ma 4 lata i jest bardzo \u017cywotnym i radosnym dzieckiem. Uwielbia bawi\u0107 si\u0119 pi\u0142k\u0105 i biega\u0107 po trawie. Zdecydowali\u015bmy si\u0119 na realizacj\u0119 zdj\u0119\u0107 w Olsztynie pod Cz\u0119stochow\u0105. Oto kilka wybranych.<!-- AddThis Advanced Settings generic via filter on get_the_excerpt --><!-- AddThis Share Buttons generic via filter on get_the_excerpt --><\/p>\n","protected":false},"author":2,"featured_media":0,"comment_status":"open","ping_status":"open","sticky":false,"template":"","format":"standard","meta":{"ngg_post_thumbnail":0,"footnotes":""},"categories":[31],"tags":[129,130],"class_list":["post-681","post","type-post","status-publish","format-standard","hentry","category-fotografia-dzieci","tag-fotografia-dzieci","tag-zdjecia-dzieci"],"_links":{"self":[{"href":"https:\/\/www.fenger.pl\/blog\/wp-json\/wp\/v2\/posts\/681","targetHints":{"allow":["GET"]}}],"collection":[{"href":"https:\/\/www.fenger.pl\/blog\/wp-json\/wp\/v2\/posts"}],"about":[{"href":"https:\/\/www.fenger.pl\/blog\/wp-json\/wp\/v2\/types\/post"}],"author":[{"embeddable":true,"href":"https:\/\/www.fenger.pl\/blog\/wp-json\/wp\/v2\/users\/2"}],"replies":[{"embeddable":true,"href":"https:\/\/www.fenger.pl\/blog\/wp-json\/wp\/v2\/comments?post=681"}],"version-history":[{"count":16,"href":"https:\/\/www.fenger.pl\/blog\/wp-json\/wp\/v2\/posts\/681\/revisions"}],"predecessor-version":[{"id":1182,"href":"https:\/\/www.fenger.pl\/blog\/wp-json\/wp\/v2\/posts\/681\/revisions\/1182"}],"wp:attachment":[{"href":"https:\/\/www.fenger.pl\/blog\/wp-json\/wp\/v2\/media?parent=681"}],"wp:term":[{"taxonomy":"category","embeddable":true,"href":"https:\/\/www.fenger.pl\/blog\/wp-json\/wp\/v2\/categories?post=681"},{"taxonomy":"post_tag","embeddable":true,"href":"https:\/\/www.fenger.pl\/blog\/wp-json\/wp\/v2\/tags?post=681"}],"curies":[{"name":"wp","href":"https:\/\/api.w.org\/{rel}","templated":true}]}}