{"id":41,"date":"2009-04-23T22:13:36","date_gmt":"2009-04-23T20:13:36","guid":{"rendered":"http:\/\/blog.fenger.pl\/?p=41"},"modified":"2009-05-31T09:03:04","modified_gmt":"2009-05-31T07:03:04","slug":"sezon-slubny-rozpoczety","status":"publish","type":"post","link":"https:\/\/www.fenger.pl\/blog\/sezon-slubny-rozpoczety\/","title":{"rendered":"Sezon \u015blubny rozpocz\u0119ty"},"content":{"rendered":"<p>W ko\u0144cu nadesz\u0142a wiosna, a z ni\u0105 rozpocz\u0105\u0142 si\u0119 sezon \u015blubny. W ubieg\u0142\u0105 sobot\u0119 mia\u0142em przyjemno\u015b\u0107 realizowa\u0107 fotoreporta\u017c w Bielsku dla Izy i Szymona.<\/p>\n<p>Tego dnia \u015bwieci\u0142o s\u0142o\u0144ce i by\u0142o do\u015b\u0107 ciep\u0142o. W domu Izy od rana trwa\u0142y przygotowania do jej wielkiego dnia. Iza otworzy\u0142a drzwi z wpi\u0119tym we w\u0142osach welonem. W oczach by\u0142o wida\u0107 lekki niepok\u00f3j. Nic w tym przecie\u017c dziwnego -pomy\u015bla\u0142em. Ka\u017cda dziewczyna martwi si\u0119, by wszystko przebieg\u0142o zgodnie z planem i by\u0142o zapi\u0119te na ostatni guzik.<\/p>\n<p>W wype\u0142nionym po brzegi s\u0142o\u0144cem pokoju by\u0142a ju\u017c fryzjerka, kt\u00f3ra uk\u0142ada\u0142a w\u0142osy siostrze Izy. Po chwili pojawi\u0142a si\u0119 wiza\u017cystka <a title=\"profesjonalny wiza\u017c\" href=\"http:\/\/www.super-oko.com\" target=\"_blank\">Marzena Bubiak<\/a> i wzi\u0119\u0142a Iz\u0119 w obroty :)<\/p>\n<p>Wyci\u0105gn\u0119\u0142a sw\u00f3j profesjonalny zestaw narz\u0119dzi i po\u0142o\u017cy\u0142a na sofie.<\/p>\nngg_shortcode_0_placeholder\n<p>Nast\u0119pnie precyzyjnie wzi\u0119\u0142a si\u0119 do pracy.<\/p>\nngg_shortcode_1_placeholder\nngg_shortcode_2_placeholder\n<p>Szymon przyjecha\u0142 du\u017cym bia\u0142ym Cadillac&#8217;iem. Moj\u0105 uwag\u0119 przyku\u0142y pomara\u0144czowe r\u00f3\u017ce.<\/p>\nngg_shortcode_3_placeholder\n<p>Ceremonia \u015blubna odby\u0142a si\u0119 w bardzo jasnym i \u0142adnym ko\u015bciele. Msza by\u0142a koncelebrowana przez trzech kap\u0142an\u00f3w, co podkre\u015bla\u0142o uroczysty charakter liturgii.<\/p>\nngg_shortcode_4_placeholder\n<p>Iza i Szymon powiedzieli sobie sakramentalne tak i na\u0142o\u017cyli obr\u0105czki.<\/p>\nngg_shortcode_5_placeholder\n<p>Potem by\u0142y serdeczne \u017cyczenia, a na sali ju\u017c rozlewano szampana.<\/p>\nngg_shortcode_6_placeholder\n<p>Nast\u0119pnie toast i rzut kieliszkami za siebie na szcz\u0119\u015bcie i pierwsze sprz\u0105tanie.<\/p>\nngg_shortcode_7_placeholder\n<p>W ko\u0144cu wszyscy mogli zasi\u0105\u015b\u0107 do sto\u0142u, na kt\u00f3rym l\u015bni\u0142a pi\u0119kna zastawa i szk\u0142o.<\/p>\n<p>Po pysznym obiedzie udali\u015bmy si\u0119 na miniplener. Postanowili\u015bmy,\u00a0 \u017ce w\u0142a\u015bciwy plener wykonamy w innym terminie, a teraz tylko kilka zdj\u0119\u0107 w okolicznym lesie i na polanie.<\/p>\nngg_shortcode_8_placeholder\nngg_shortcode_9_placeholder\nngg_shortcode_10_placeholder\n<p>P\u00f3\u017aniej by\u0142a zabawa, a na ko\u0144cu rzut welonem.<\/p>\nngg_shortcode_11_placeholder\nngg_shortcode_12_placeholder\n<!-- AddThis Advanced Settings generic via filter on the_content --><!-- AddThis Share Buttons generic via filter on the_content -->","protected":false},"excerpt":{"rendered":"<p>W ko\u0144cu nadesz\u0142a wiosna, a z ni\u0105 rozpocz\u0105\u0142 si\u0119 sezon \u015blubny. W ubieg\u0142\u0105 sobot\u0119 mia\u0142em przyjemno\u015b\u0107 realizowa\u0107 fotoreporta\u017c w Bielsku dla Izy i Szymona. Tego dnia \u015bwieci\u0142o s\u0142o\u0144ce i by\u0142o do\u015b\u0107 ciep\u0142o. W domu Izy od rana trwa\u0142y przygotowania do jej wielkiego dnia. Iza otworzy\u0142a drzwi z wpi\u0119tym we w\u0142osach welonem. W oczach by\u0142o wida\u0107 [&hellip;]<!-- AddThis Advanced Settings generic via filter on get_the_excerpt --><!-- AddThis Share Buttons generic via filter on get_the_excerpt --><\/p>\n","protected":false},"author":2,"featured_media":0,"comment_status":"open","ping_status":"open","sticky":false,"template":"","format":"standard","meta":{"ngg_post_thumbnail":0,"footnotes":""},"categories":[26],"tags":[123,119,125,126,29,124],"class_list":["post-41","post","type-post","status-publish","format-standard","hentry","category-fotografia-slubna","tag-fotografia-slubna","tag-kwiaty","tag-plener","tag-przygotowania","tag-wizaz","tag-zdjecia-slubne"],"_links":{"self":[{"href":"https:\/\/www.fenger.pl\/blog\/wp-json\/wp\/v2\/posts\/41","targetHints":{"allow":["GET"]}}],"collection":[{"href":"https:\/\/www.fenger.pl\/blog\/wp-json\/wp\/v2\/posts"}],"about":[{"href":"https:\/\/www.fenger.pl\/blog\/wp-json\/wp\/v2\/types\/post"}],"author":[{"embeddable":true,"href":"https:\/\/www.fenger.pl\/blog\/wp-json\/wp\/v2\/users\/2"}],"replies":[{"embeddable":true,"href":"https:\/\/www.fenger.pl\/blog\/wp-json\/wp\/v2\/comments?post=41"}],"version-history":[{"count":24,"href":"https:\/\/www.fenger.pl\/blog\/wp-json\/wp\/v2\/posts\/41\/revisions"}],"predecessor-version":[{"id":60,"href":"https:\/\/www.fenger.pl\/blog\/wp-json\/wp\/v2\/posts\/41\/revisions\/60"}],"wp:attachment":[{"href":"https:\/\/www.fenger.pl\/blog\/wp-json\/wp\/v2\/media?parent=41"}],"wp:term":[{"taxonomy":"category","embeddable":true,"href":"https:\/\/www.fenger.pl\/blog\/wp-json\/wp\/v2\/categories?post=41"},{"taxonomy":"post_tag","embeddable":true,"href":"https:\/\/www.fenger.pl\/blog\/wp-json\/wp\/v2\/tags?post=41"}],"curies":[{"name":"wp","href":"https:\/\/api.w.org\/{rel}","templated":true}]}}