{"id":371,"date":"2010-04-13T22:36:54","date_gmt":"2010-04-13T20:36:54","guid":{"rendered":"http:\/\/www.blog.fenger.pl\/?p=371"},"modified":"2012-08-16T10:35:49","modified_gmt":"2012-08-16T08:35:49","slug":"skansen-krolowa-luiza","status":"publish","type":"post","link":"https:\/\/www.fenger.pl\/blog\/skansen-krolowa-luiza\/","title":{"rendered":"Skansen Kr\u00f3lowa Luiza, czyli powr\u00f3t do przesz\u0142o\u015bci cz. I"},"content":{"rendered":"<p><!-- \t\t@page { size: 21cm 29.7cm; margin: 2cm } \t\tP { margin-bottom: 0.21cm } --><strong>D<em><\/em>uelmen, 1915<\/strong><\/p>\n<p>W pruskiej hucie \u017celaza <strong>Eisenhuette Prinz Rudolph<\/strong> wyprodukowano maszyn\u0119 ogniow\u0105 &#8211; tak oto kiedy\u015b nazywano maszyny parowe. Wynalazc\u0105 tej konstrukcji uznaje si\u0119 Jamesa Watta, kt\u00f3ry w 1793\u00a0 udoskonali\u0142 atmosferyczny silnik parowy T. Newcomena.<\/p>\n<p>Maszyna o mocy 2 tys. KM zosta\u0142a zainstalowana w <strong>Kopalni Kr\u00f3lowa Luiza<\/strong> w Zabrzu jako maszyna wyci\u0105gowa, przy szybie Carnall.<\/p>\n<p>Stanowi zabytek na skal\u0119 europejsk\u0105, a widok maszyny w ruchu, nap\u0119dzanej par\u0105 pozostawia niezapomniane wra\u017cenia. To niew\u0105tpliwie najciekawszy element cz\u0119\u015bci naziemnej Skansenu Kr\u00f3lowa Luiza, kt\u00f3ry po rewitalizacji w du\u017cej cz\u0119\u015bci ze \u015brodk\u00f3w UE, w latach 2007-2008, zosta\u0142 udost\u0119pniony zwiedzaj\u0105cym mi\u0142o\u015bnikom turystyki industrialnej.<\/p>\n<p><strong>Troch\u0119 historii.<\/strong><\/p>\n<p>Kopalnia Kr\u00f3lowa Luiza nazwana zosta\u0142a per\u0142\u0105 Szlaku Zabytk\u00f3w Techniki. Jest jedn\u0105 z najstarszych kopal\u0144 na \u015al\u0105sku. Jej historia jest \u015bci\u015ble zwi\u0105zana\u00a0 z osob\u0105 pruskiego starosty g\u00f3rniczego <strong>Fryderyka Wilhelma von Reden<\/strong> i si\u0119ga roku 1791, kiedy to w\u0119giel\u00a0 wydobywano metod\u0105 odkrywkow\u0105, a w p\u00f3\u017aniejszym okresie w\u00a0 szybach sztolniowych, obudowywanych drewnianymi stropnicami.<\/p>\n<p>W pierwszym roku funkcjonowania kopalni wydobyto 120 ton w\u0119gla. Pierwsz\u0105 maszyn\u0119 parow\u0105 s\u0142u\u017c\u0105c\u0105 do odwadniana chodnik\u00f3w zamontowano w 1795.<\/p>\n<p>W 1796 wydobycie wzros\u0142o do 3800 ton, co w znacznym stopniu przyczyni\u0142o si\u0119 do powstania Kr\u00f3lewskiej Odlewni \u017beliwa w Gliwicach, opalanej koksem z w\u0119gla tej kopalni.<\/p>\n<p>W 1876\u00a0 rozpocz\u0119to wydobycie na wschodnim polu g\u00f3rniczym kopalni, co spowodowa\u0142o zwi\u0119kszenie wydobycia. W 1898 wydobyto 3300 ty\u015b ton &#8211; takiej ilo\u015bci nie wydobywa\u0142a wtedy \u017cadna \u015bl\u0105ska\u00a0 kopalnia. W 1913 poziom zatrudnienia osi\u0105gn\u0105\u0142 6932 pracownik\u00f3w.<\/p>\n<p>Kopalnia funkcjonuj\u0105ca jako rejon Zabrze-Zach\u00f3d pracowa\u0142a do 1973, a w 1993 wpisano j\u0105 do rejestru zabytk\u00f3w.<\/p>\n<p style=\"text-align: center;\">ngg_shortcode_0_placeholder<\/p>\n<p style=\"text-align: center;\">ngg_shortcode_1_placeholder<\/p>\n<p style=\"text-align: center;\">ngg_shortcode_2_placeholder<\/p>\n<p style=\"text-align: center;\">ngg_shortcode_3_placeholder<\/p>\n<p style=\"text-align: center;\">ngg_shortcode_4_placeholder<\/p>\n<p style=\"text-align: center;\">ngg_shortcode_5_placeholder<\/p>\n<p style=\"text-align: center;\">ngg_shortcode_6_placeholder<\/p>\n<p style=\"text-align: center;\">ngg_shortcode_7_placeholder<\/p>\n<p style=\"text-align: center;\">ngg_shortcode_8_placeholder<\/p>\n<p style=\"text-align: center;\">ngg_shortcode_9_placeholder<\/p>\n<p style=\"text-align: center;\">ngg_shortcode_10_placeholder<\/p>\n<p style=\"text-align: center;\">ngg_shortcode_11_placeholder<\/p>\n<p style=\"text-align: center;\">ngg_shortcode_12_placeholder<\/p>\n<p style=\"text-align: center;\">ngg_shortcode_13_placeholder<\/p>\n<!-- AddThis Advanced Settings generic via filter on the_content --><!-- AddThis Share Buttons generic via filter on the_content -->","protected":false},"excerpt":{"rendered":"<p>Duelmen, 1915 W pruskiej hucie \u017celaza Eisenhuette Prinz Rudolph wyprodukowano maszyn\u0119 ogniow\u0105 &#8211; tak oto kiedy\u015b nazywano maszyny parowe. Wynalazc\u0105 tej konstrukcji uznaje si\u0119 Jamesa Watta, kt\u00f3ry w 1793\u00a0 udoskonali\u0142 atmosferyczny silnik parowy T. Newcomena. Maszyna o mocy 2 tys. KM zosta\u0142a zainstalowana w Kopalni Kr\u00f3lowa Luiza w Zabrzu jako maszyna wyci\u0105gowa, przy szybie Carnall. [&hellip;]<!-- AddThis Advanced Settings generic via filter on get_the_excerpt --><!-- AddThis Share Buttons generic via filter on get_the_excerpt --><\/p>\n","protected":false},"author":2,"featured_media":0,"comment_status":"open","ping_status":"open","sticky":false,"template":"","format":"standard","meta":{"ngg_post_thumbnail":0,"footnotes":""},"categories":[54],"tags":[134,138,137],"class_list":["post-371","post","type-post","status-publish","format-standard","hentry","category-industrial","tag-industrial","tag-maszyna-parowa","tag-zabrze"],"_links":{"self":[{"href":"https:\/\/www.fenger.pl\/blog\/wp-json\/wp\/v2\/posts\/371","targetHints":{"allow":["GET"]}}],"collection":[{"href":"https:\/\/www.fenger.pl\/blog\/wp-json\/wp\/v2\/posts"}],"about":[{"href":"https:\/\/www.fenger.pl\/blog\/wp-json\/wp\/v2\/types\/post"}],"author":[{"embeddable":true,"href":"https:\/\/www.fenger.pl\/blog\/wp-json\/wp\/v2\/users\/2"}],"replies":[{"embeddable":true,"href":"https:\/\/www.fenger.pl\/blog\/wp-json\/wp\/v2\/comments?post=371"}],"version-history":[{"count":10,"href":"https:\/\/www.fenger.pl\/blog\/wp-json\/wp\/v2\/posts\/371\/revisions"}],"predecessor-version":[{"id":1170,"href":"https:\/\/www.fenger.pl\/blog\/wp-json\/wp\/v2\/posts\/371\/revisions\/1170"}],"wp:attachment":[{"href":"https:\/\/www.fenger.pl\/blog\/wp-json\/wp\/v2\/media?parent=371"}],"wp:term":[{"taxonomy":"category","embeddable":true,"href":"https:\/\/www.fenger.pl\/blog\/wp-json\/wp\/v2\/categories?post=371"},{"taxonomy":"post_tag","embeddable":true,"href":"https:\/\/www.fenger.pl\/blog\/wp-json\/wp\/v2\/tags?post=371"}],"curies":[{"name":"wp","href":"https:\/\/api.w.org\/{rel}","templated":true}]}}