{"id":357,"date":"2010-04-08T19:31:53","date_gmt":"2010-04-08T17:31:53","guid":{"rendered":"http:\/\/www.blog.fenger.pl\/?p=357"},"modified":"2010-04-08T19:31:53","modified_gmt":"2010-04-08T17:31:53","slug":"roczek-kasi","status":"publish","type":"post","link":"https:\/\/www.fenger.pl\/blog\/roczek-kasi\/","title":{"rendered":"Roczek Kasi"},"content":{"rendered":"<p>Niedawno mia\u0142em ogromn\u0105 przyjemno\u015b\u0107 fotografowa\u0107 trzy kr\u00f3lewny Asi\u0119, Kasi\u0119 i Dari\u0119.<\/p>\n<p>Przekr\u00f3j wiekowy &#8211; 3 miesi\u0105ce, rok i 3 lata.<\/p>\n<p>Na stole pojawi\u0142 si\u0119 tort z pierwsz\u0105 \u015bwieczk\u0105. No to dmuchamy !<\/p>\nngg_shortcode_0_placeholder\nngg_shortcode_1_placeholder\nngg_shortcode_2_placeholder\nngg_shortcode_3_placeholder\nngg_shortcode_4_placeholder\nngg_shortcode_5_placeholder\nngg_shortcode_6_placeholder\nngg_shortcode_7_placeholder\nngg_shortcode_8_placeholder\nngg_shortcode_9_placeholder\nngg_shortcode_10_placeholder\nngg_shortcode_11_placeholder\n<!-- AddThis Advanced Settings generic via filter on the_content --><!-- AddThis Share Buttons generic via filter on the_content -->","protected":false},"excerpt":{"rendered":"<p>Niedawno mia\u0142em ogromn\u0105 przyjemno\u015b\u0107 fotografowa\u0107 trzy kr\u00f3lewny Asi\u0119, Kasi\u0119 i Dari\u0119. Przekr\u00f3j wiekowy &#8211; 3 miesi\u0105ce, rok i 3 lata. Na stole pojawi\u0142 si\u0119 tort z pierwsz\u0105 \u015bwieczk\u0105. No to dmuchamy !<!-- AddThis Advanced Settings generic via filter on get_the_excerpt --><!-- AddThis Share Buttons generic via filter on get_the_excerpt --><\/p>\n","protected":false},"author":2,"featured_media":0,"comment_status":"open","ping_status":"open","sticky":false,"template":"","format":"standard","meta":{"ngg_post_thumbnail":0,"footnotes":""},"categories":[31],"tags":[129,131,45,130],"class_list":["post-357","post","type-post","status-publish","format-standard","hentry","category-fotografia-dzieci","tag-fotografia-dzieci","tag-portrety-dzieci","tag-reportaz","tag-zdjecia-dzieci"],"_links":{"self":[{"href":"https:\/\/www.fenger.pl\/blog\/wp-json\/wp\/v2\/posts\/357","targetHints":{"allow":["GET"]}}],"collection":[{"href":"https:\/\/www.fenger.pl\/blog\/wp-json\/wp\/v2\/posts"}],"about":[{"href":"https:\/\/www.fenger.pl\/blog\/wp-json\/wp\/v2\/types\/post"}],"author":[{"embeddable":true,"href":"https:\/\/www.fenger.pl\/blog\/wp-json\/wp\/v2\/users\/2"}],"replies":[{"embeddable":true,"href":"https:\/\/www.fenger.pl\/blog\/wp-json\/wp\/v2\/comments?post=357"}],"version-history":[{"count":7,"href":"https:\/\/www.fenger.pl\/blog\/wp-json\/wp\/v2\/posts\/357\/revisions"}],"predecessor-version":[{"id":364,"href":"https:\/\/www.fenger.pl\/blog\/wp-json\/wp\/v2\/posts\/357\/revisions\/364"}],"wp:attachment":[{"href":"https:\/\/www.fenger.pl\/blog\/wp-json\/wp\/v2\/media?parent=357"}],"wp:term":[{"taxonomy":"category","embeddable":true,"href":"https:\/\/www.fenger.pl\/blog\/wp-json\/wp\/v2\/categories?post=357"},{"taxonomy":"post_tag","embeddable":true,"href":"https:\/\/www.fenger.pl\/blog\/wp-json\/wp\/v2\/tags?post=357"}],"curies":[{"name":"wp","href":"https:\/\/api.w.org\/{rel}","templated":true}]}}