{"id":333,"date":"2010-03-02T00:35:18","date_gmt":"2010-03-01T22:35:18","guid":{"rendered":"http:\/\/www.blog.fenger.pl\/?p=333"},"modified":"2010-03-02T00:41:47","modified_gmt":"2010-03-01T22:41:47","slug":"niedzielny-spacer-z-dziecmi","status":"publish","type":"post","link":"https:\/\/www.fenger.pl\/blog\/niedzielny-spacer-z-dziecmi\/","title":{"rendered":"Niedzielny spacer z dzie\u0107mi"},"content":{"rendered":"<p>Robi si\u0119 coraz cieplej. W niedziel\u0119 termometr pokaza\u0142 u nas 11 stopni, dlatego wybrali\u015bmy si\u0119 na rodzinny spacer po okolicy.\u00a0 Zawsze to dodatkowa dawka tlenu i okazja do oddania kilku pami\u0105tkowych strza\u0142\u00f3w z rury (czyt. teleobiektywu).\u00a0 :)<\/p>\nngg_shortcode_0_placeholder\nngg_shortcode_1_placeholder\nngg_shortcode_2_placeholder\nngg_shortcode_3_placeholder\nngg_shortcode_4_placeholder\n<!-- AddThis Advanced Settings generic via filter on the_content --><!-- AddThis Share Buttons generic via filter on the_content -->","protected":false},"excerpt":{"rendered":"<p>Robi si\u0119 coraz cieplej. W niedziel\u0119 termometr pokaza\u0142 u nas 11 stopni, dlatego wybrali\u015bmy si\u0119 na rodzinny spacer po okolicy.\u00a0 Zawsze to dodatkowa dawka tlenu i okazja do oddania kilku pami\u0105tkowych strza\u0142\u00f3w z rury (czyt. teleobiektywu).\u00a0 :)<!-- AddThis Advanced Settings generic via filter on get_the_excerpt --><!-- AddThis Share Buttons generic via filter on get_the_excerpt --><\/p>\n","protected":false},"author":2,"featured_media":0,"comment_status":"open","ping_status":"open","sticky":false,"template":"","format":"standard","meta":{"ngg_post_thumbnail":0,"footnotes":""},"categories":[31],"tags":[129,125,131,130],"class_list":["post-333","post","type-post","status-publish","format-standard","hentry","category-fotografia-dzieci","tag-fotografia-dzieci","tag-plener","tag-portrety-dzieci","tag-zdjecia-dzieci"],"_links":{"self":[{"href":"https:\/\/www.fenger.pl\/blog\/wp-json\/wp\/v2\/posts\/333","targetHints":{"allow":["GET"]}}],"collection":[{"href":"https:\/\/www.fenger.pl\/blog\/wp-json\/wp\/v2\/posts"}],"about":[{"href":"https:\/\/www.fenger.pl\/blog\/wp-json\/wp\/v2\/types\/post"}],"author":[{"embeddable":true,"href":"https:\/\/www.fenger.pl\/blog\/wp-json\/wp\/v2\/users\/2"}],"replies":[{"embeddable":true,"href":"https:\/\/www.fenger.pl\/blog\/wp-json\/wp\/v2\/comments?post=333"}],"version-history":[{"count":6,"href":"https:\/\/www.fenger.pl\/blog\/wp-json\/wp\/v2\/posts\/333\/revisions"}],"predecessor-version":[{"id":338,"href":"https:\/\/www.fenger.pl\/blog\/wp-json\/wp\/v2\/posts\/333\/revisions\/338"}],"wp:attachment":[{"href":"https:\/\/www.fenger.pl\/blog\/wp-json\/wp\/v2\/media?parent=333"}],"wp:term":[{"taxonomy":"category","embeddable":true,"href":"https:\/\/www.fenger.pl\/blog\/wp-json\/wp\/v2\/categories?post=333"},{"taxonomy":"post_tag","embeddable":true,"href":"https:\/\/www.fenger.pl\/blog\/wp-json\/wp\/v2\/tags?post=333"}],"curies":[{"name":"wp","href":"https:\/\/api.w.org\/{rel}","templated":true}]}}