{"id":317,"date":"2010-02-22T12:24:53","date_gmt":"2010-02-22T10:24:53","guid":{"rendered":"http:\/\/www.blog.fenger.pl\/?p=317"},"modified":"2010-02-22T12:54:06","modified_gmt":"2010-02-22T10:54:06","slug":"dziecieca-sesja-domowa","status":"publish","type":"post","link":"https:\/\/www.fenger.pl\/blog\/dziecieca-sesja-domowa\/","title":{"rendered":"Dzieci\u0119ca sesja domowa"},"content":{"rendered":"<p>Klika dni temu mia\u0142em ogromn\u0105 przyjemno\u015b\u0107 fotografowa\u0107 dwumiesi\u0119czn\u0105 Len\u0119. Widok ma\u0142ej \u015blicznej\u00a0 kruszynki ogromnie wzrusza i chwyta za serce.<\/p>\n<p>Sesja realizowana by\u0142a w mieszkaniu dziewczynki. Dzi\u0119ki temu czu\u0142a si\u0119 bezpiecznie.<\/p>\nngg_shortcode_0_placeholder\nngg_shortcode_1_placeholder\nngg_shortcode_2_placeholder\nngg_shortcode_3_placeholder\n<!-- AddThis Advanced Settings generic via filter on the_content --><!-- AddThis Share Buttons generic via filter on the_content -->","protected":false},"excerpt":{"rendered":"<p>Klika dni temu mia\u0142em ogromn\u0105 przyjemno\u015b\u0107 fotografowa\u0107 dwumiesi\u0119czn\u0105 Len\u0119. Widok ma\u0142ej \u015blicznej\u00a0 kruszynki ogromnie wzrusza i chwyta za serce. Sesja realizowana by\u0142a w mieszkaniu dziewczynki. Dzi\u0119ki temu czu\u0142a si\u0119 bezpiecznie.<!-- AddThis Advanced Settings generic via filter on get_the_excerpt --><!-- AddThis Share Buttons generic via filter on get_the_excerpt --><\/p>\n","protected":false},"author":2,"featured_media":0,"comment_status":"open","ping_status":"open","sticky":false,"template":"","format":"standard","meta":{"ngg_post_thumbnail":0,"footnotes":""},"categories":[31],"tags":[129,131,130],"class_list":["post-317","post","type-post","status-publish","format-standard","hentry","category-fotografia-dzieci","tag-fotografia-dzieci","tag-portrety-dzieci","tag-zdjecia-dzieci"],"_links":{"self":[{"href":"https:\/\/www.fenger.pl\/blog\/wp-json\/wp\/v2\/posts\/317","targetHints":{"allow":["GET"]}}],"collection":[{"href":"https:\/\/www.fenger.pl\/blog\/wp-json\/wp\/v2\/posts"}],"about":[{"href":"https:\/\/www.fenger.pl\/blog\/wp-json\/wp\/v2\/types\/post"}],"author":[{"embeddable":true,"href":"https:\/\/www.fenger.pl\/blog\/wp-json\/wp\/v2\/users\/2"}],"replies":[{"embeddable":true,"href":"https:\/\/www.fenger.pl\/blog\/wp-json\/wp\/v2\/comments?post=317"}],"version-history":[{"count":9,"href":"https:\/\/www.fenger.pl\/blog\/wp-json\/wp\/v2\/posts\/317\/revisions"}],"predecessor-version":[{"id":325,"href":"https:\/\/www.fenger.pl\/blog\/wp-json\/wp\/v2\/posts\/317\/revisions\/325"}],"wp:attachment":[{"href":"https:\/\/www.fenger.pl\/blog\/wp-json\/wp\/v2\/media?parent=317"}],"wp:term":[{"taxonomy":"category","embeddable":true,"href":"https:\/\/www.fenger.pl\/blog\/wp-json\/wp\/v2\/categories?post=317"},{"taxonomy":"post_tag","embeddable":true,"href":"https:\/\/www.fenger.pl\/blog\/wp-json\/wp\/v2\/tags?post=317"}],"curies":[{"name":"wp","href":"https:\/\/api.w.org\/{rel}","templated":true}]}}