{"id":238,"date":"2009-07-29T22:45:11","date_gmt":"2009-07-29T20:45:11","guid":{"rendered":"http:\/\/www.blog.fenger.pl\/?p=238"},"modified":"2009-07-29T22:53:33","modified_gmt":"2009-07-29T20:53:33","slug":"rodzinny-spacer","status":"publish","type":"post","link":"https:\/\/www.fenger.pl\/blog\/rodzinny-spacer\/","title":{"rendered":"Rodzinny spacer"},"content":{"rendered":"<p>\u015arodek sezonu i praktycznie jestem przyspawany do stacji graficznej. Spacer z rodzin\u0105 to prawdziwa odskocznia i na\u0142adowanie akumulator\u00f3w. Tylko po co ja wzi\u0105\u0142em ze sob\u0105 ten aparat&#8230;<\/p>\nngg_shortcode_0_placeholder\nngg_shortcode_1_placeholder\nngg_shortcode_2_placeholder\nngg_shortcode_3_placeholder\n<!-- AddThis Advanced Settings generic via filter on the_content --><!-- AddThis Share Buttons generic via filter on the_content -->","protected":false},"excerpt":{"rendered":"<p>\u015arodek sezonu i praktycznie jestem przyspawany do stacji graficznej. Spacer z rodzin\u0105 to prawdziwa odskocznia i na\u0142adowanie akumulator\u00f3w. Tylko po co ja wzi\u0105\u0142em ze sob\u0105 ten aparat&#8230;<!-- AddThis Advanced Settings generic via filter on get_the_excerpt --><!-- AddThis Share Buttons generic via filter on get_the_excerpt --><\/p>\n","protected":false},"author":2,"featured_media":0,"comment_status":"open","ping_status":"open","sticky":false,"template":"","format":"standard","meta":{"ngg_post_thumbnail":0,"footnotes":""},"categories":[31,4],"tags":[129,125,131,130],"class_list":["post-238","post","type-post","status-publish","format-standard","hentry","category-fotografia-dzieci","category-plener-miejski","tag-fotografia-dzieci","tag-plener","tag-portrety-dzieci","tag-zdjecia-dzieci"],"_links":{"self":[{"href":"https:\/\/www.fenger.pl\/blog\/wp-json\/wp\/v2\/posts\/238","targetHints":{"allow":["GET"]}}],"collection":[{"href":"https:\/\/www.fenger.pl\/blog\/wp-json\/wp\/v2\/posts"}],"about":[{"href":"https:\/\/www.fenger.pl\/blog\/wp-json\/wp\/v2\/types\/post"}],"author":[{"embeddable":true,"href":"https:\/\/www.fenger.pl\/blog\/wp-json\/wp\/v2\/users\/2"}],"replies":[{"embeddable":true,"href":"https:\/\/www.fenger.pl\/blog\/wp-json\/wp\/v2\/comments?post=238"}],"version-history":[{"count":6,"href":"https:\/\/www.fenger.pl\/blog\/wp-json\/wp\/v2\/posts\/238\/revisions"}],"predecessor-version":[{"id":242,"href":"https:\/\/www.fenger.pl\/blog\/wp-json\/wp\/v2\/posts\/238\/revisions\/242"}],"wp:attachment":[{"href":"https:\/\/www.fenger.pl\/blog\/wp-json\/wp\/v2\/media?parent=238"}],"wp:term":[{"taxonomy":"category","embeddable":true,"href":"https:\/\/www.fenger.pl\/blog\/wp-json\/wp\/v2\/categories?post=238"},{"taxonomy":"post_tag","embeddable":true,"href":"https:\/\/www.fenger.pl\/blog\/wp-json\/wp\/v2\/tags?post=238"}],"curies":[{"name":"wp","href":"https:\/\/api.w.org\/{rel}","templated":true}]}}