{"id":1334,"date":"2012-11-14T18:29:21","date_gmt":"2012-11-14T16:29:21","guid":{"rendered":"http:\/\/blog.fenger.pl\/?p=1334"},"modified":"2012-11-20T10:51:43","modified_gmt":"2012-11-20T08:51:43","slug":"klimatyczny-wieczor-w-kolibie","status":"publish","type":"post","link":"https:\/\/www.fenger.pl\/blog\/klimatyczny-wieczor-w-kolibie\/","title":{"rendered":"Klimatyczny wiecz\u00f3r w Kolibie"},"content":{"rendered":"<p style=\"text-align: justify;\"><a title=\"Koliba pod Czarcim Kopytem\" href=\"http:\/\/www.czarciekopyto.pl\/\" target=\"_blank\">Koliba pod Czarcim Kopytem<\/a> to XVIII chata na R\u00f3wnicy w Ustroniu. To miejsce wybra\u0142em na sp\u0119dzenie dnia moich\u00a0 urodzin z najbli\u017csz\u0105 Rodzin\u0105. Miejsce jest niezwyk\u0142e, bardzo klimatyczne i nie chce si\u0119 stamt\u0105d wychodzi\u0107. W jednej sali pali\u0142o si\u0119 ognisko, na kt\u00f3ym dzieci upiek\u0142y sobie kie\u0142baski. Rodzice skusili si\u0119 na bigos (super), pajdy wiejskiego chleba ze smalcem i pyszne og\u00f3rki &#8211; lekko kiszone. Do tego zam\u00f3wili\u015bmy Czarci Nap\u00f3j tworzony, wg XVIII w. receptury, z dw\u00f3ch gatunk\u00f3w piwa i kompozycji 11 zi\u00f3\u0142 &#8211; rewelacja.<\/p>\n<p><img decoding=\"async\" class=\"aligncenter colorbox-1334\" src=\"http:\/\/blog.fenger.pl\/wp-content\/gallery\/rownica\/rownica_01l.jpg\" alt=\"Koliba pod Czarcim Kopytem\" \/><br \/>\n<img decoding=\"async\" class=\"aligncenter colorbox-1334\" src=\"http:\/\/blog.fenger.pl\/wp-content\/gallery\/rownica\/rownica_07l.jpg\" alt=\"Koliba pod Czarcim Kopytem\" \/><br \/>\n<img decoding=\"async\" class=\"alignright colorbox-1334\" src=\"http:\/\/blog.fenger.pl\/wp-content\/gallery\/rownica\/rownica_01p.jpg\" alt=\"Koliba pod Czarcim Kopytem\" \/><img decoding=\"async\" class=\"alignleft colorbox-1334\" src=\"http:\/\/blog.fenger.pl\/wp-content\/gallery\/rownica\/rownica_02p.jpg\" alt=\"Koliba pod Czarcim Kopytem\" \/><br \/>\n<img decoding=\"async\" class=\"aligncenter colorbox-1334\" src=\"http:\/\/blog.fenger.pl\/wp-content\/gallery\/rownica\/rownica_03l.jpg\" alt=\"Koliba pod Czarcim Kopytem\" \/><br \/>\n<img decoding=\"async\" class=\"aligncenter colorbox-1334\" src=\"http:\/\/blog.fenger.pl\/wp-content\/gallery\/rownica\/rownica_08l.jpg\" alt=\"Koliba pod Czarcim Kopytem\" \/><br \/>\n<img decoding=\"async\" class=\"alignright colorbox-1334\" src=\"http:\/\/blog.fenger.pl\/wp-content\/gallery\/rownica\/rownica_05p.jpg\" alt=\"Koliba pod Czarcim Kopytem\" \/><img decoding=\"async\" class=\"alignleft colorbox-1334\" src=\"http:\/\/blog.fenger.pl\/wp-content\/gallery\/rownica\/rownica_04p.jpg\" alt=\"Koliba pod Czarcim Kopytem\" \/><br \/>\n<img decoding=\"async\" class=\"aligncenter colorbox-1334\" src=\"http:\/\/blog.fenger.pl\/wp-content\/gallery\/rownica\/rownica_05l.jpg\" alt=\"Koliba pod Czarcim Kopytem\" \/><br \/>\n<img decoding=\"async\" class=\"aligncenter colorbox-1334\" src=\"http:\/\/blog.fenger.pl\/wp-content\/gallery\/rownica\/rownica_06l.jpg\" alt=\"Koliba pod Czarcim Kopytem\" \/><br \/>\n<img decoding=\"async\" class=\"aligncenter colorbox-1334\" src=\"http:\/\/blog.fenger.pl\/wp-content\/gallery\/rownica\/rownica_04l.jpg\" alt=\"Koliba pod Czarcim Kopytem\" \/><\/p>\n<!-- AddThis Advanced Settings generic via filter on the_content --><!-- AddThis Share Buttons generic via filter on the_content -->","protected":false},"excerpt":{"rendered":"<p>Koliba pod Czarcim Kopytem to XVIII chata na R\u00f3wnicy w Ustroniu. To miejsce wybra\u0142em na sp\u0119dzenie dnia moich\u00a0 urodzin z najbli\u017csz\u0105 Rodzin\u0105. Miejsce jest niezwyk\u0142e, bardzo klimatyczne i nie chce si\u0119 stamt\u0105d wychodzi\u0107. W jednej sali pali\u0142o si\u0119 ognisko, na kt\u00f3ym dzieci upiek\u0142y sobie kie\u0142baski. Rodzice skusili si\u0119 na bigos (super), pajdy wiejskiego chleba ze [&hellip;]<!-- AddThis Advanced Settings generic via filter on get_the_excerpt --><!-- AddThis Share Buttons generic via filter on get_the_excerpt --><\/p>\n","protected":false},"author":2,"featured_media":0,"comment_status":"open","ping_status":"open","sticky":false,"template":"","format":"standard","meta":{"ngg_post_thumbnail":0,"footnotes":""},"categories":[31],"tags":[131,130],"class_list":["post-1334","post","type-post","status-publish","format-standard","hentry","category-fotografia-dzieci","tag-portrety-dzieci","tag-zdjecia-dzieci"],"_links":{"self":[{"href":"https:\/\/www.fenger.pl\/blog\/wp-json\/wp\/v2\/posts\/1334","targetHints":{"allow":["GET"]}}],"collection":[{"href":"https:\/\/www.fenger.pl\/blog\/wp-json\/wp\/v2\/posts"}],"about":[{"href":"https:\/\/www.fenger.pl\/blog\/wp-json\/wp\/v2\/types\/post"}],"author":[{"embeddable":true,"href":"https:\/\/www.fenger.pl\/blog\/wp-json\/wp\/v2\/users\/2"}],"replies":[{"embeddable":true,"href":"https:\/\/www.fenger.pl\/blog\/wp-json\/wp\/v2\/comments?post=1334"}],"version-history":[{"count":16,"href":"https:\/\/www.fenger.pl\/blog\/wp-json\/wp\/v2\/posts\/1334\/revisions"}],"predecessor-version":[{"id":1351,"href":"https:\/\/www.fenger.pl\/blog\/wp-json\/wp\/v2\/posts\/1334\/revisions\/1351"}],"wp:attachment":[{"href":"https:\/\/www.fenger.pl\/blog\/wp-json\/wp\/v2\/media?parent=1334"}],"wp:term":[{"taxonomy":"category","embeddable":true,"href":"https:\/\/www.fenger.pl\/blog\/wp-json\/wp\/v2\/categories?post=1334"},{"taxonomy":"post_tag","embeddable":true,"href":"https:\/\/www.fenger.pl\/blog\/wp-json\/wp\/v2\/tags?post=1334"}],"curies":[{"name":"wp","href":"https:\/\/api.w.org\/{rel}","templated":true}]}}