{"id":1209,"date":"2012-09-12T09:58:38","date_gmt":"2012-09-12T07:58:38","guid":{"rendered":"http:\/\/blog.fenger.pl\/?p=1209"},"modified":"2012-09-12T09:58:38","modified_gmt":"2012-09-12T07:58:38","slug":"witaj-szkolo","status":"publish","type":"post","link":"https:\/\/www.fenger.pl\/blog\/witaj-szkolo\/","title":{"rendered":"Witaj szko\u0142o"},"content":{"rendered":"<p>Jak ten czas szybko leci&#8230; Tadzio ju\u017c idzie do szko\u0142y. By\u0142y tyty, \u015blubowanie, pasowanie na ucznia i pierwsze minuty w klasie.<\/p>\n<p><img decoding=\"async\" class=\"alignleft colorbox-1209\" src=\"http:\/\/blog.fenger.pl\/wp-content\/gallery\/1klasa\/1klasa_01l.jpg\" alt=\"Pierwszy dzie\u0144 w szkole\" \/><br \/>\n<img decoding=\"async\" class=\"alignleft colorbox-1209\" src=\"http:\/\/blog.fenger.pl\/wp-content\/gallery\/1klasa\/1klasa_01p.jpg\" alt=\"Pierwszy dzie\u0144 w szkole\" \/><img decoding=\"async\" class=\"alignright colorbox-1209\" src=\"http:\/\/blog.fenger.pl\/wp-content\/gallery\/1klasa\/1klasa_02p.jpg\" alt=\"Pierwszy dzie\u0144 w szkole\" \/><br \/>\n<img decoding=\"async\" class=\"alignleft colorbox-1209\" src=\"http:\/\/blog.fenger.pl\/wp-content\/gallery\/1klasa\/1klasa_02l.jpg\" alt=\"Pierwszy dzie\u0144 w szkole\" \/><br \/>\n<img decoding=\"async\" class=\"alignleft colorbox-1209\" src=\"http:\/\/blog.fenger.pl\/wp-content\/gallery\/1klasa\/1klasa_03p.jpg\" alt=\"Pierwszy dzie\u0144 w szkole\" \/><img decoding=\"async\" class=\"alignright colorbox-1209\" src=\"http:\/\/blog.fenger.pl\/wp-content\/gallery\/1klasa\/1klasa_04p.jpg\" alt=\"Pierwszy dzie\u0144 w szkole\" \/><br \/>\n<img decoding=\"async\" class=\"alignleft colorbox-1209\" src=\"http:\/\/blog.fenger.pl\/wp-content\/gallery\/1klasa\/1klasa_03l.jpg\" alt=\"Pierwszy dzie\u0144 w szkole\" \/><\/p>\n<!-- AddThis Advanced Settings generic via filter on the_content --><!-- AddThis Share Buttons generic via filter on the_content -->","protected":false},"excerpt":{"rendered":"<p>Jak ten czas szybko leci&#8230; Tadzio ju\u017c idzie do szko\u0142y. By\u0142y tyty, \u015blubowanie, pasowanie na ucznia i pierwsze minuty w klasie.<!-- AddThis Advanced Settings generic via filter on get_the_excerpt --><!-- AddThis Share Buttons generic via filter on get_the_excerpt --><\/p>\n","protected":false},"author":2,"featured_media":0,"comment_status":"open","ping_status":"open","sticky":false,"template":"","format":"standard","meta":{"ngg_post_thumbnail":0,"footnotes":""},"categories":[31],"tags":[],"class_list":["post-1209","post","type-post","status-publish","format-standard","hentry","category-fotografia-dzieci"],"_links":{"self":[{"href":"https:\/\/www.fenger.pl\/blog\/wp-json\/wp\/v2\/posts\/1209","targetHints":{"allow":["GET"]}}],"collection":[{"href":"https:\/\/www.fenger.pl\/blog\/wp-json\/wp\/v2\/posts"}],"about":[{"href":"https:\/\/www.fenger.pl\/blog\/wp-json\/wp\/v2\/types\/post"}],"author":[{"embeddable":true,"href":"https:\/\/www.fenger.pl\/blog\/wp-json\/wp\/v2\/users\/2"}],"replies":[{"embeddable":true,"href":"https:\/\/www.fenger.pl\/blog\/wp-json\/wp\/v2\/comments?post=1209"}],"version-history":[{"count":9,"href":"https:\/\/www.fenger.pl\/blog\/wp-json\/wp\/v2\/posts\/1209\/revisions"}],"predecessor-version":[{"id":1218,"href":"https:\/\/www.fenger.pl\/blog\/wp-json\/wp\/v2\/posts\/1209\/revisions\/1218"}],"wp:attachment":[{"href":"https:\/\/www.fenger.pl\/blog\/wp-json\/wp\/v2\/media?parent=1209"}],"wp:term":[{"taxonomy":"category","embeddable":true,"href":"https:\/\/www.fenger.pl\/blog\/wp-json\/wp\/v2\/categories?post=1209"},{"taxonomy":"post_tag","embeddable":true,"href":"https:\/\/www.fenger.pl\/blog\/wp-json\/wp\/v2\/tags?post=1209"}],"curies":[{"name":"wp","href":"https:\/\/api.w.org\/{rel}","templated":true}]}}